{"id":1214,"date":"2018-11-08T18:47:17","date_gmt":"2018-11-08T21:47:17","guid":{"rendered":"https:\/\/2018.montevideo.wordcamp.org\/?p=1214"},"modified":"2018-11-08T18:51:31","modified_gmt":"2018-11-08T21:51:31","slug":"montevideo-elegida-por-wordpress-entre-104-ciudades-para-evento-unico","status":"publish","type":"post","link":"https:\/\/montevideo.wordcamp.org\/2018\/uncategorized\/montevideo-elegida-por-wordpress-entre-104-ciudades-para-evento-unico\/","title":{"rendered":"Montevideo elegida por WordPress entre 104 ciudades para evento \u00fanico"},"content":{"rendered":"<p>Cuatro uruguayos y un cubano son los encargados de organizar esta iniciativa de forma honoraria y \u00aba pulm\u00f3n\u00bb.<\/p>\n<p>&nbsp;<\/p>\n<p><!--more--><\/p>\n<p><img data-recalc-dims=\"1\" loading=\"lazy\" decoding=\"async\" class=\"aligncenter wp-image-1216\" src=\"https:\/\/i0.wp.com\/2018.montevideo.wordcamp.org\/files\/2018\/11\/wordcamp-montevideo-2018-300x189.jpg?resize=500%2C314&#038;ssl=1\" alt=\"\" width=\"500\" height=\"314\" srcset=\"https:\/\/i0.wp.com\/montevideo.wordcamp.org\/2018\/files\/2018\/11\/wordcamp-montevideo-2018.jpg?resize=300%2C189&amp;ssl=1 300w, https:\/\/i0.wp.com\/montevideo.wordcamp.org\/2018\/files\/2018\/11\/wordcamp-montevideo-2018.jpg?resize=477%2C300&amp;ssl=1 477w, https:\/\/i0.wp.com\/montevideo.wordcamp.org\/2018\/files\/2018\/11\/wordcamp-montevideo-2018.jpg?w=738&amp;ssl=1 738w\" sizes=\"auto, (max-width: 500px) 100vw, 500px\" \/><\/p>\n<p>&nbsp;<\/p>\n<p>Montevideo fue seleccionada entre 104 ciudades para organizar un evento sin precedentes en el pa\u00eds. Luego de realizar una preselecci\u00f3n la <a href=\"https:\/\/wordpressfoundation.org\/\">Fundaci\u00f3n WordPress<\/a> eligi\u00f3 la capital del pa\u00eds para desarrollar un evento oficial denominado \u00abWordCamp\u00bb.<\/p>\n<p><a href=\"https:\/\/wordpress.org\/\">WordPress<\/a> es un sistema de gesti\u00f3n de contenidos, enfocado a la creaci\u00f3n de cualquier tipo de p\u00e1gina web utilizado a nivel mundial. Con una historia que se remonta hace casi quince a\u00f1os atr\u00e1s, en la actualidad m\u00e1s de 60 millones de personas lo han elegido para crear su sitio web.<\/p>\n<p>Cuatro uruguayos y un cubano residente en Uruguay, son los encargados de organizar esta primera edici\u00f3n de forma honoraria y \u00aba pulm\u00f3n\u00bb, entre ellos, Joaqu\u00edn Arambarri, un ingeniero en computaci\u00f3n que cont\u00f3 a ECOS que el objetivo principal del evento es generar y afianzar una comunidad local entorno a WordPress que sirva para crear lazos y una red de contactos.<\/p>\n<p>Bajo el programa denominado \u00abIncubadora\u00bb, Montevideo, fue elegida junto con Kota Kinabalu (Malasia), con el objetivo de impulsar y difundir WordPress en \u00e1reas donde la comunidad a\u00fan no est\u00e1 fuertemente establecida, pero se aprecia mucho potencial.<\/p>\n<p>El evento que se realizar\u00e1 el s\u00e1bado 24 de noviembre en el auditorio del Word Trade Center contar\u00e1 con al menos 8 exponentes, locales e internacionales. \u00abLa idea no es enfocarse solamente en la parte t\u00e9cnica, sino tambi\u00e9n que sirva a todas aquellas personas que puedan ser beneficiados o usar la herramienta como tal\u00bb, explic\u00f3 Arambarri.<\/p>\n<p>Las entradas para el primer WordCamp ya est\u00e1n a la venta. La primera tanda tuvo un valor de diez d\u00f3lares, ahora cuestan doce. Pero el precio es \u00absimb\u00f3lico\u00bb ya que su costo no alcanza para pagar ni la cuarta parte de lo que es el evento, que cuenta con almuerzo, caf\u00e9 y merchandising, se\u00f1al\u00f3 el organizador, quien aclar\u00f3 que este tipo de eventos se autosustentan a trav\u00e9s de los sponsors.<\/p>\n<p>WordPress, es utilizado y reconocido a escala mundial por ser sencillo de usar y gratuito. En este sentido, Arambarri explic\u00f3 que se espera que el p\u00fablico que asista al evento sea \u00abdiverso\u00bb ya que no solo involucra a desarrolladores o dise\u00f1adores sino tambi\u00e9n a periodistas, community managers, blogueros y personas que tienen tiendas online.<\/p>\n<p>Desde hace cuatro meses que los organizadores se han puesto el proyecto al hombro, donde adem\u00e1s han organizado diferentes \u00ab<a href=\"https:\/\/www.meetup.com\/es-ES\/montevideo-wp\/\">meetup<\/a>\u00ab, reuniones en torno a la herramienta, para lograr afianzar la comunidad.<\/p>\n<p>Fuente:\u00a0<a href=\"http:\/\/ecos.la\">ECOS<\/a><\/p>\n","protected":false},"excerpt":{"rendered":"<p>Cuatro uruguayos y un cubano son los encargados de organizar esta iniciativa de forma honoraria y \u00aba pulm\u00f3n\u00bb. &nbsp;<\/p>\n","protected":false},"author":16600197,"featured_media":1216,"comment_status":"open","ping_status":"open","sticky":false,"template":"","format":"standard","meta":{"_crdt_document":"","jetpack_post_was_ever_published":false,"_jetpack_newsletter_access":"","_jetpack_dont_email_post_to_subs":false,"_jetpack_newsletter_tier_id":0,"_jetpack_memberships_contains_paywalled_content":false,"_jetpack_memberships_contains_paid_content":false,"footnotes":"","jetpack_publicize_message":"","jetpack_publicize_feature_enabled":true,"jetpack_social_post_already_shared":true,"jetpack_social_options":{"image_generator_settings":{"template":"highway","default_image_id":0,"font":"","enabled":false},"version":2}},"categories":[1],"tags":[25],"class_list":["post-1214","post","type-post","status-publish","format-standard","has-post-thumbnail","hentry","category-uncategorized","tag-wordcamp"],"jetpack_publicize_connections":[],"jetpack_featured_media_url":"https:\/\/i0.wp.com\/montevideo.wordcamp.org\/2018\/files\/2018\/11\/wordcamp-montevideo-2018.jpg?fit=738%2C464&ssl=1","jetpack_sharing_enabled":true,"jetpack_shortlink":"https:\/\/wp.me\/pagwAz-jA","_links":{"self":[{"href":"https:\/\/montevideo.wordcamp.org\/2018\/wp-json\/wp\/v2\/posts\/1214","targetHints":{"allow":["GET"]}}],"collection":[{"href":"https:\/\/montevideo.wordcamp.org\/2018\/wp-json\/wp\/v2\/posts"}],"about":[{"href":"https:\/\/montevideo.wordcamp.org\/2018\/wp-json\/wp\/v2\/types\/post"}],"author":[{"embeddable":true,"href":"https:\/\/montevideo.wordcamp.org\/2018\/wp-json\/wp\/v2\/users\/16600197"}],"replies":[{"embeddable":true,"href":"https:\/\/montevideo.wordcamp.org\/2018\/wp-json\/wp\/v2\/comments?post=1214"}],"version-history":[{"count":5,"href":"https:\/\/montevideo.wordcamp.org\/2018\/wp-json\/wp\/v2\/posts\/1214\/revisions"}],"predecessor-version":[{"id":1222,"href":"https:\/\/montevideo.wordcamp.org\/2018\/wp-json\/wp\/v2\/posts\/1214\/revisions\/1222"}],"wp:featuredmedia":[{"embeddable":true,"href":"https:\/\/montevideo.wordcamp.org\/2018\/wp-json\/wp\/v2\/media\/1216"}],"wp:attachment":[{"href":"https:\/\/montevideo.wordcamp.org\/2018\/wp-json\/wp\/v2\/media?parent=1214"}],"wp:term":[{"taxonomy":"category","embeddable":true,"href":"https:\/\/montevideo.wordcamp.org\/2018\/wp-json\/wp\/v2\/categories?post=1214"},{"taxonomy":"post_tag","embeddable":true,"href":"https:\/\/montevideo.wordcamp.org\/2018\/wp-json\/wp\/v2\/tags?post=1214"}],"curies":[{"name":"wp","href":"https:\/\/api.w.org\/{rel}","templated":true}]}}