{"id":1478,"date":"2018-11-14T12:59:25","date_gmt":"2018-11-14T15:59:25","guid":{"rendered":"https:\/\/2018.montevideo.wordcamp.org\/?p=1478"},"modified":"2018-11-16T07:38:44","modified_gmt":"2018-11-16T10:38:44","slug":"equipo-del-wordcamp-montevideo-afina-detalles","status":"publish","type":"post","link":"https:\/\/montevideo.wordcamp.org\/2018\/uncategorized\/equipo-del-wordcamp-montevideo-afina-detalles\/","title":{"rendered":"Equipo del WordCamp Montevideo afina detalles"},"content":{"rendered":"<p>\u00a1Vamo arriba! Que el evento del a\u00f1o estar\u00e1 aqu\u00ed en unos d\u00edas y para la fecha de esta publicaci\u00f3n la segunda etapa de ventas de entradas se agot\u00f3.<\/p>\n<p><img data-recalc-dims=\"1\" loading=\"lazy\" decoding=\"async\" class=\"aligncenter wp-image-1483 size-large\" src=\"https:\/\/i0.wp.com\/2018.montevideo.wordcamp.org\/files\/2018\/11\/891-1-1024x683.jpg?resize=525%2C350&#038;ssl=1\" alt=\"\" width=\"525\" height=\"350\" srcset=\"https:\/\/i0.wp.com\/montevideo.wordcamp.org\/2018\/files\/2018\/11\/891-1.jpg?resize=1024%2C683&amp;ssl=1 1024w, https:\/\/i0.wp.com\/montevideo.wordcamp.org\/2018\/files\/2018\/11\/891-1.jpg?resize=300%2C200&amp;ssl=1 300w, https:\/\/i0.wp.com\/montevideo.wordcamp.org\/2018\/files\/2018\/11\/891-1.jpg?resize=768%2C512&amp;ssl=1 768w, https:\/\/i0.wp.com\/montevideo.wordcamp.org\/2018\/files\/2018\/11\/891-1.jpg?resize=450%2C300&amp;ssl=1 450w, https:\/\/i0.wp.com\/montevideo.wordcamp.org\/2018\/files\/2018\/11\/891-1.jpg?w=1575&amp;ssl=1 1575w\" sizes=\"auto, (max-width: 525px) 100vw, 525px\" \/><\/p>\n<p><!--more--><\/p>\n<p>Una noticia que emocion\u00f3, al equipo de organizadores y voluntarios del primer <a href=\"https:\/\/2018.montevideo.wordcamp.org\">Word Camp Montevideo<\/a> que se reuni\u00f3, este lunes 12, para coordinar la log\u00edstica que congregar\u00e1 a m\u00e1s de 100 asistentes del Uruguay y algunos de otros pa\u00edses vecinos como Argentina y Brasil.<\/p>\n<p>Desarrolladores, programadores, periodistas, blogueros, social media managers y emprendedores tienen una cita este 24 de noviembre, en el auditorio de la torre 2 del World Trade Center (Cr. Luis E. Lecueder 3536, esq. Dr. Luis E. Bonavita), para capacitarse y compartir experiencias en temas como eCommerce, monetizaci\u00f3n de plugins, automatizaci\u00f3n, seguridad y marketing, entre otros.<\/p>\n<p>Mat\u00edas Viera, organizador y speaker de esta primera edici\u00f3n del Word Camp Montevideo, destac\u00f3 la importancia de que el evento cumpla con las expectativas de los asistentes y que la convocatoria sirva de referencia para el resto de la regi\u00f3n latinoamericana.<\/p>\n<p>Viera manifest\u00f3 que durante el llamado a la postulaci\u00f3n de los speakers que integrar\u00edan la agenda quedaron sorprendidos por la cantidad de aspirantes y que ahora la respuesta a la asistencia es una muestra del gran n\u00famero de personas que quieren aprender y sumarse a la comunidad entorno al <a href=\"https:\/\/wordpress.org\/\">Worpress<\/a> Uruguay.<\/p>\n<p>El WordCamp en Montevideo se desarrollar\u00e1 en una jornada de casi 8 horas de capacitaci\u00f3n y contar\u00e1 con el respaldo de importantes sponsors y aliados que respaldan el crecimiento de la comunidad.<br \/>\nEn este sentido, Joaquin Arambarri, tambi\u00e9n speaker y organizador, indic\u00f3 que el objetivo es que tanto participantes como ponentes se sientan c\u00f3modos y puedan interactuar. Explic\u00f3 que son cinco organizadores y diez voluntarios que se encargar\u00e1n de la log\u00edstica para que disfrutes del evento.<br \/>\nEn este WordCamp, aprender\u00e1s sobre WordPress desde lo m\u00e1s b\u00e1sico hasta como monetizarlo, conocer\u00e1s de la experiencia de los dem\u00e1s, har\u00e1s networking y \u00bfpor qu\u00e9 no?, hasta podr\u00edas conocer a tu pr\u00f3ximo cliente, socio o proveedor.<\/p>\n<p>Es una oportunidad imperdible que estar\u00e1 a tu alcance en pocos d\u00edas y podr\u00eda ser determinante para el futuro de tu emprendimiento o negocio.<\/p>\n<p>\u00bfQu\u00e9 esperas? An\u00edmate. Si a\u00fan no tenes tu entrada, <a href=\"https:\/\/2018.montevideo.wordcamp.org\/entradas\/\">reg\u00edstrate aqu\u00ed.<\/a><\/p>\n","protected":false},"excerpt":{"rendered":"<p>\u00a1Vamo arriba! Que el evento del a\u00f1o estar\u00e1 aqu\u00ed en unos d\u00edas y para la fecha de esta publicaci\u00f3n la segunda etapa de ventas de entradas se agot\u00f3.<\/p>\n","protected":false},"author":16228090,"featured_media":1482,"comment_status":"open","ping_status":"open","sticky":false,"template":"","format":"standard","meta":{"_crdt_document":"","jetpack_post_was_ever_published":false,"_jetpack_newsletter_access":"","_jetpack_dont_email_post_to_subs":false,"_jetpack_newsletter_tier_id":0,"_jetpack_memberships_contains_paywalled_content":false,"_jetpack_memberships_contains_paid_content":false,"footnotes":"","jetpack_publicize_message":"","jetpack_publicize_feature_enabled":true,"jetpack_social_post_already_shared":true,"jetpack_social_options":{"image_generator_settings":{"template":"highway","default_image_id":0,"font":"","enabled":false},"version":2}},"categories":[1],"tags":[25],"class_list":["post-1478","post","type-post","status-publish","format-standard","has-post-thumbnail","hentry","category-uncategorized","tag-wordcamp"],"jetpack_publicize_connections":[],"jetpack_featured_media_url":"https:\/\/i0.wp.com\/montevideo.wordcamp.org\/2018\/files\/2018\/11\/891.jpg?fit=5184%2C3456&ssl=1","jetpack_sharing_enabled":true,"jetpack_shortlink":"https:\/\/wp.me\/pagwAz-nQ","_links":{"self":[{"href":"https:\/\/montevideo.wordcamp.org\/2018\/wp-json\/wp\/v2\/posts\/1478","targetHints":{"allow":["GET"]}}],"collection":[{"href":"https:\/\/montevideo.wordcamp.org\/2018\/wp-json\/wp\/v2\/posts"}],"about":[{"href":"https:\/\/montevideo.wordcamp.org\/2018\/wp-json\/wp\/v2\/types\/post"}],"author":[{"embeddable":true,"href":"https:\/\/montevideo.wordcamp.org\/2018\/wp-json\/wp\/v2\/users\/16228090"}],"replies":[{"embeddable":true,"href":"https:\/\/montevideo.wordcamp.org\/2018\/wp-json\/wp\/v2\/comments?post=1478"}],"version-history":[{"count":5,"href":"https:\/\/montevideo.wordcamp.org\/2018\/wp-json\/wp\/v2\/posts\/1478\/revisions"}],"predecessor-version":[{"id":1524,"href":"https:\/\/montevideo.wordcamp.org\/2018\/wp-json\/wp\/v2\/posts\/1478\/revisions\/1524"}],"wp:featuredmedia":[{"embeddable":true,"href":"https:\/\/montevideo.wordcamp.org\/2018\/wp-json\/wp\/v2\/media\/1482"}],"wp:attachment":[{"href":"https:\/\/montevideo.wordcamp.org\/2018\/wp-json\/wp\/v2\/media?parent=1478"}],"wp:term":[{"taxonomy":"category","embeddable":true,"href":"https:\/\/montevideo.wordcamp.org\/2018\/wp-json\/wp\/v2\/categories?post=1478"},{"taxonomy":"post_tag","embeddable":true,"href":"https:\/\/montevideo.wordcamp.org\/2018\/wp-json\/wp\/v2\/tags?post=1478"}],"curies":[{"name":"wp","href":"https:\/\/api.w.org\/{rel}","templated":true}]}}