{"id":1567,"date":"2018-11-19T16:41:10","date_gmt":"2018-11-19T19:41:10","guid":{"rendered":"https:\/\/2018.montevideo.wordcamp.org\/?p=1567"},"modified":"2018-11-19T16:44:25","modified_gmt":"2018-11-19T19:44:25","slug":"el-equipo-del-wordcamp-montevideo-afina-detalles-para-el-evento","status":"publish","type":"post","link":"https:\/\/montevideo.wordcamp.org\/2018\/uncategorized\/el-equipo-del-wordcamp-montevideo-afina-detalles-para-el-evento\/","title":{"rendered":"El equipo del WordCamp Montevideo afina detalles para el evento"},"content":{"rendered":"<p>Desarrolladores, programadores, periodistas, blogueros, socials media y emprendedores se dar\u00e1n cita este 24 de noviembre.<\/p>\n<p><img data-recalc-dims=\"1\" loading=\"lazy\" decoding=\"async\" class=\"alignnone size-full wp-image-1568\" src=\"https:\/\/i0.wp.com\/2018.montevideo.wordcamp.org\/files\/2018\/11\/entradas-1.jpg?resize=525%2C394&#038;ssl=1\" alt=\"\" width=\"525\" height=\"394\" srcset=\"https:\/\/i0.wp.com\/montevideo.wordcamp.org\/2018\/files\/2018\/11\/entradas-1.jpg?w=960&amp;ssl=1 960w, https:\/\/i0.wp.com\/montevideo.wordcamp.org\/2018\/files\/2018\/11\/entradas-1.jpg?resize=300%2C225&amp;ssl=1 300w, https:\/\/i0.wp.com\/montevideo.wordcamp.org\/2018\/files\/2018\/11\/entradas-1.jpg?resize=768%2C577&amp;ssl=1 768w, https:\/\/i0.wp.com\/montevideo.wordcamp.org\/2018\/files\/2018\/11\/entradas-1.jpg?resize=399%2C300&amp;ssl=1 399w\" sizes=\"auto, (max-width: 767px) 89vw, (max-width: 1000px) 54vw, (max-width: 1071px) 543px, 580px\" \/><\/p>\n<p><!--more--><\/p>\n<p>&nbsp;<\/p>\n<p>El evento del a\u00f1o estar\u00e1 aqu\u00ed en unos d\u00edas y para la fecha de esta publicaci\u00f3n la segunda etapa de ventas de entradas se agot\u00f3 y se va por la tercera y \u00faltima tanda. Una noticia que emocion\u00f3, al equipo de organizadores y voluntarios del primer WordCamp Montevideo que se reuni\u00f3, el pasado lunes 12, para coordinar la log\u00edstica que congregar\u00e1 a alrededor de 150 asistentes del Uruguay y algunos de otros pa\u00edses vecinos como Argentina y Brasil.<\/p>\n<p>Desarrolladores, programadores, periodistas, blogueros, socials media y emprendedores se dar\u00e1n cita, este 24 de noviembre, en el auditorio de la torre 2 del World Trade Center (Cr. Luis E. Lecueder 3536, esq. Dr. Luis E. Bonavita) para capacitarse y compartir experiencias en temas como eCommerce, plugins, automatizaci\u00f3n, seguridad, marketing, entre otros.<\/p>\n<p>Mat\u00edas Viera, uno de los organizadores de esta primera edici\u00f3n del WordCamp Montevideo, destac\u00f3 la importancia de que el evento cumpla con las expectativas de los asistentes y que la convocatoria sirva de referencia para el resto de la regi\u00f3n latinoamericana.<\/p>\n<div id=\"Contenido_entreparrafos\"><\/div>\n<p>Viera manifest\u00f3 que durante el llamado a la postulaci\u00f3n de los speakers que integrar\u00edan la agenda quedaron sorprendidos por la cantidad de aspirantes y que hora la respuesta a la asistencia es una muestra del gran n\u00famero de personas que quieren aprender y sumarse a la comunidad entorno al WordPress Uruguay.<\/p>\n<p>Este WordCamp Montevideo se desarrollar\u00e1 en una jornada de casi 8 horas de capacitaci\u00f3n y contar\u00e1 con el respaldo de importantes sponsors y aliados que respaldan el crecimiento de la comunidad.<\/p>\n<p>En este sentido, Joaqu\u00edn Arambarri, tambi\u00e9n organizador, indic\u00f3 que el objetivo es que tanto participantes como ponentes se sientan c\u00f3modos y puedan interactuar. Explic\u00f3 que junto a El\u00edas Margolis, Alfonso Frachelle y Guillermo Figueroa son cinco organizadores y doce voluntarios que se encargar\u00e1n de la log\u00edstica para que disfrutes del evento.<\/p>\n<p>En este WordCamp, aprender\u00e1s sobre WordPress desde lo m\u00e1s b\u00e1sico hasta como monetizarlo, conocer\u00e1s de la experiencia de los dem\u00e1s, har\u00e1s networking y \u00bfpor qu\u00e9 no? Hasta podr\u00edas conocer a tu pr\u00f3ximo cliente, proveedor o socio.<\/p>\n<p>Es una oportunidad imperdible que estar\u00e1 a tu alcance en pocos d\u00edas y podr\u00eda ser determinante para el futuro de tu emprendimiento o negocio.<\/p>\n<p>\u00bfQu\u00e9 esperas? An\u00edmate. Si a\u00fan no ten\u00e9s tu entrada reg\u00edstrate\u00a0<a href=\"https:\/\/www.montevideo.com.uy\/Ciencia-y-Tecnologia\/El%20evento%20del%20a%C3%B1o%20estar%C3%A1%20aqu%C3%AD%20en%20unos%20d%C3%ADas%20y%20para%20la%20fecha%20de%20esta%20publicaci%C3%B3n%20la%20segunda%20etapa%20de%20ventas%20de%20entradas%20se%20agot%C3%B3%20y%20se%20va%20por%20la%20tercera%20y%20%C3%BAltima%20tanda.%20Una%20noticia%20que%20emocion%C3%B3,%20al%20equipo%20de%20organizadores%20y%20voluntarios%20del%20primer%20WordCamp%20Montevideo%20que%20se%20reuni%C3%B3,%20el%20pasado%20lunes%2012,%20para%20coordinar%20la%20log%C3%ADstica%20que%20congregar%C3%A1%20a%20alrededor%20de%20150%20asistentes%20del%20Uruguay%20y%20algunos%20de%20otros%20pa%C3%ADses%20vecinos%20como%20Argentina%20y%20Brasil.%20%20Desarrolladores,%20programadores,%20periodistas,%20blogueros,%20socials%20media%20y%20emprendedores%20se%20dar%C3%A1n%20cita,%20este%2024%20de%20noviembre,%20en%20el%20auditorio%20de%20la%20torre%202%20del%20World%20Trade%20Center%20(Cr.%20Luis%20E.%20Lecueder%203536,%20esq.%20Dr.%20Luis%20E.%20Bonavita)%20para%20capacitarse%20y%20compartir%20experiencias%20en%20temas%20como%20eCommerce,%20plugins,%20automatizaci%C3%B3n,%20seguridad,%20marketing,%20entre%20otros.%20Mat%C3%ADas%20Viera,%20uno%20de%20los%20organizadores%20de%20esta%20primera%20edici%C3%B3n%20del%20WordCamp%20Montevideo,%20destac%C3%B3%20la%20importancia%20de%20que%20el%20evento%20cumpla%20con%20las%20expectativas%20de%20los%20asistentes%20y%20que%20la%20convocatoria%20sirva%20de%20referencia%20para%20el%20resto%20de%20la%20regi%C3%B3n%20latinoamericana.%20Viera%20manifest%C3%B3%20que%20durante%20el%20llamado%20a%20la%20postulaci%C3%B3n%20de%20los%20speakers%20que%20integrar%C3%ADan%20la%20agenda%20quedaron%20sorprendidos%20por%20la%20cantidad%20de%20aspirantes%20y%20que%20hora%20la%20respuesta%20a%20la%20asistencia%20es%20una%20muestra%20del%20gran%20n%C3%BAmero%20de%20personas%20que%20quieren%20aprender%20y%20sumarse%20a%20la%20comunidad%20entorno%20al%20Wordpress%20Uruguay.%20Este%20WordCamp%20Montevideo%20se%20desarrollar%C3%A1%20en%20una%20jornada%20de%20casi%208%20horas%20de%20capacitaci%C3%B3n%20y%20contar%C3%A1%20con%20el%20respaldo%20de%20importantes%20sponsors%20y%20aliados%20que%20respaldan%20el%20crecimiento%20de%20la%20comunidad.%20En%20este%20sentido,%20Joaqu%C3%ADn%20Arambarri,%20tambi%C3%A9n%20organizador,%20indic%C3%B3%20que%20el%20objetivo%20es%20que%20tanto%20participantes%20como%20ponentes%20se%20sientan%20c%C3%B3modos%20y%20puedan%20interactuar.%20Explic%C3%B3%20que%20junto%20a%20El%C3%ADas%20Margolis,%20Alfonso%20Frachelle%20y%20Guillermo%20Figueroa%20son%20cinco%20organizadores%20y%20doce%20voluntarios%20que%20se%20encargar%C3%A1n%20de%20la%20log%C3%ADstica%20para%20que%20disfrutes%20del%20evento.%20En%20este%20WordCamp,%20aprender%C3%A1s%20sobre%20WordPress%20desde%20lo%20m%C3%A1s%20b%C3%A1sico%20hasta%20como%20monetizarlo,%20conocer%C3%A1s%20de%20la%20experiencia%20de%20los%20dem%C3%A1s,%20har%C3%A1s%20networking%20y%20%C2%BFpor%20qu%C3%A9%20no?%20Hasta%20podr%C3%ADas%20conocer%20a%20tu%20pr%C3%B3ximo%20cliente,%20proveedor%20o%20socio.%20%20Es%20una%20oportunidad%20imperdible%20que%20estar%C3%A1%20a%20tu%20alcance%20en%20pocos%20d%C3%ADas%20y%20podr%C3%ADa%20ser%20determinante%20para%20el%20futuro%20de%20tu%20emprendimiento%20o%20negocio.%20%20%C2%BFQu%C3%A9%20esperas?%20An%C3%ADmate.%20Si%20a%C3%BAn%20no%20ten%C3%A9s%20tu%20entrada%20reg%C3%ADstrate%20aqu%C3%AD\" target=\"_blank\" rel=\"noopener nofollow\">aqu\u00ed<\/a><\/p>\n<p>Fuente: <a href=\"https:\/\/www.montevideo.com.uy\" rel=\"nofollow\">Montevideo Portal<\/a><\/p>\n","protected":false},"excerpt":{"rendered":"<p>Desarrolladores, programadores, periodistas, blogueros, socials media y emprendedores se dar\u00e1n cita este 24 de noviembre.<\/p>\n","protected":false},"author":16228090,"featured_media":0,"comment_status":"open","ping_status":"open","sticky":false,"template":"","format":"standard","meta":{"_crdt_document":"","jetpack_post_was_ever_published":false,"_jetpack_newsletter_access":"","_jetpack_dont_email_post_to_subs":false,"_jetpack_newsletter_tier_id":0,"_jetpack_memberships_contains_paywalled_content":false,"_jetpack_memberships_contains_paid_content":false,"footnotes":"","jetpack_publicize_message":"","jetpack_publicize_feature_enabled":true,"jetpack_social_post_already_shared":true,"jetpack_social_options":{"image_generator_settings":{"template":"highway","default_image_id":0,"font":"","enabled":false},"version":2}},"categories":[1],"tags":[],"class_list":["post-1567","post","type-post","status-publish","format-standard","hentry","category-uncategorized"],"jetpack_publicize_connections":[],"jetpack_featured_media_url":"","jetpack_sharing_enabled":true,"jetpack_shortlink":"https:\/\/wp.me\/pagwAz-ph","_links":{"self":[{"href":"https:\/\/montevideo.wordcamp.org\/2018\/wp-json\/wp\/v2\/posts\/1567","targetHints":{"allow":["GET"]}}],"collection":[{"href":"https:\/\/montevideo.wordcamp.org\/2018\/wp-json\/wp\/v2\/posts"}],"about":[{"href":"https:\/\/montevideo.wordcamp.org\/2018\/wp-json\/wp\/v2\/types\/post"}],"author":[{"embeddable":true,"href":"https:\/\/montevideo.wordcamp.org\/2018\/wp-json\/wp\/v2\/users\/16228090"}],"replies":[{"embeddable":true,"href":"https:\/\/montevideo.wordcamp.org\/2018\/wp-json\/wp\/v2\/comments?post=1567"}],"version-history":[{"count":2,"href":"https:\/\/montevideo.wordcamp.org\/2018\/wp-json\/wp\/v2\/posts\/1567\/revisions"}],"predecessor-version":[{"id":1570,"href":"https:\/\/montevideo.wordcamp.org\/2018\/wp-json\/wp\/v2\/posts\/1567\/revisions\/1570"}],"wp:attachment":[{"href":"https:\/\/montevideo.wordcamp.org\/2018\/wp-json\/wp\/v2\/media?parent=1567"}],"wp:term":[{"taxonomy":"category","embeddable":true,"href":"https:\/\/montevideo.wordcamp.org\/2018\/wp-json\/wp\/v2\/categories?post=1567"},{"taxonomy":"post_tag","embeddable":true,"href":"https:\/\/montevideo.wordcamp.org\/2018\/wp-json\/wp\/v2\/tags?post=1567"}],"curies":[{"name":"wp","href":"https:\/\/api.w.org\/{rel}","templated":true}]}}